{"id":610,"date":"2015-11-28T18:28:12","date_gmt":"2015-11-28T17:28:12","guid":{"rendered":"http:\/\/feuerwehr-oberriexingen.de\/content\/?p=610"},"modified":"2015-11-28T18:28:12","modified_gmt":"2015-11-28T17:28:12","slug":"21-11-2015-kameradschaftsabend","status":"publish","type":"post","link":"https:\/\/feuerwehr-oberriexingen.de\/content\/2015\/11\/21-11-2015-kameradschaftsabend\/","title":{"rendered":"21.11.2015 &#8211; Kameradschaftsabend"},"content":{"rendered":"<p><a href=\"https:\/\/feuerwehr-oberriexingen.de\/content\/wp-content\/uploads\/2015\/11\/Kameradschaftsabend2015_Martin_Begr\u00fc\u00dfung.jpg\"><img decoding=\"async\" loading=\"lazy\" class=\"alignleft wp-image-614 \" src=\"https:\/\/feuerwehr-oberriexingen.de\/content\/wp-content\/uploads\/2015\/11\/Kameradschaftsabend2015_Martin_Begr\u00fc\u00dfung-300x225.jpg\" alt=\"Kameradschaftsabend2015_Martin_Begr\u00fc\u00dfung\" width=\"317\" height=\"238\" srcset=\"https:\/\/feuerwehr-oberriexingen.de\/content\/wp-content\/uploads\/2015\/11\/Kameradschaftsabend2015_Martin_Begr\u00fc\u00dfung-300x225.jpg 300w, https:\/\/feuerwehr-oberriexingen.de\/content\/wp-content\/uploads\/2015\/11\/Kameradschaftsabend2015_Martin_Begr\u00fc\u00dfung-100x75.jpg 100w, https:\/\/feuerwehr-oberriexingen.de\/content\/wp-content\/uploads\/2015\/11\/Kameradschaftsabend2015_Martin_Begr\u00fc\u00dfung-150x113.jpg 150w, https:\/\/feuerwehr-oberriexingen.de\/content\/wp-content\/uploads\/2015\/11\/Kameradschaftsabend2015_Martin_Begr\u00fc\u00dfung-200x150.jpg 200w, https:\/\/feuerwehr-oberriexingen.de\/content\/wp-content\/uploads\/2015\/11\/Kameradschaftsabend2015_Martin_Begr\u00fc\u00dfung.jpg 405w\" sizes=\"(max-width: 317px) 100vw, 317px\" \/><\/a> Am 21.11.2015 fand der Kameradschaftsabend der Freiwilligen Feuerwehr Oberriexingen in den R\u00e4umlichkeiten des Weingutes St\u00e4rk statt.<\/p>\n<p>Zu Beginn begr\u00fc\u00dfte Kommandant Martin Schray die anwesenden Kameraden und Kameradinnen sowie deren Partner. Danach folgten noch ein paar von allen hei\u00df ersehnte Informationen zum Top Thema des Jahres, der Beschaffung des neuen Feuerwehrfahrzeuges HLF20. In diesem Zuge informierte Matthias Motzer \u00fcber diverse Varianten f\u00fcr die Beklebung des Fahrzeuges. Er lud alle dazu ein diese im Laufe des Abends zu begutachten und einen Favoriten zu markieren.<\/p>\n<p>Danach konnte dann der kulinarische Teil starten. Begonnen wurde mit einem Besentoast als kleiner Gru\u00df aus der K\u00fcche, gefolgt von Schlachtplatte satt. Wer dann noch konnte durfte sich noch \u00fcber ein abschlie\u00dfendes Eis freuen.<!--more--><\/p>\n<p><a href=\"https:\/\/feuerwehr-oberriexingen.de\/content\/wp-content\/uploads\/2015\/11\/Kameradschaftsabend2015_Martin_GuteFee.jpg\"><img decoding=\"async\" loading=\"lazy\" class=\"alignleft wp-image-612 \" src=\"https:\/\/feuerwehr-oberriexingen.de\/content\/wp-content\/uploads\/2015\/11\/Kameradschaftsabend2015_Martin_GuteFee-300x225.jpg\" alt=\"Kameradschaftsabend2015_Martin_GuteFee\" width=\"319\" height=\"239\" srcset=\"https:\/\/feuerwehr-oberriexingen.de\/content\/wp-content\/uploads\/2015\/11\/Kameradschaftsabend2015_Martin_GuteFee-300x225.jpg 300w, https:\/\/feuerwehr-oberriexingen.de\/content\/wp-content\/uploads\/2015\/11\/Kameradschaftsabend2015_Martin_GuteFee-1024x768.jpg 1024w, https:\/\/feuerwehr-oberriexingen.de\/content\/wp-content\/uploads\/2015\/11\/Kameradschaftsabend2015_Martin_GuteFee-100x75.jpg 100w, https:\/\/feuerwehr-oberriexingen.de\/content\/wp-content\/uploads\/2015\/11\/Kameradschaftsabend2015_Martin_GuteFee-150x112.jpg 150w, https:\/\/feuerwehr-oberriexingen.de\/content\/wp-content\/uploads\/2015\/11\/Kameradschaftsabend2015_Martin_GuteFee-200x150.jpg 200w, https:\/\/feuerwehr-oberriexingen.de\/content\/wp-content\/uploads\/2015\/11\/Kameradschaftsabend2015_Martin_GuteFee-450x337.jpg 450w, https:\/\/feuerwehr-oberriexingen.de\/content\/wp-content\/uploads\/2015\/11\/Kameradschaftsabend2015_Martin_GuteFee-600x450.jpg 600w, https:\/\/feuerwehr-oberriexingen.de\/content\/wp-content\/uploads\/2015\/11\/Kameradschaftsabend2015_Martin_GuteFee-900x675.jpg 900w, https:\/\/feuerwehr-oberriexingen.de\/content\/wp-content\/uploads\/2015\/11\/Kameradschaftsabend2015_Martin_GuteFee.jpg 1609w\" sizes=\"(max-width: 319px) 100vw, 319px\" \/><\/a>Auch f\u00fcr das Rahmenprogramm wurde gesorgt, einige Kameraden f\u00fchrten das M\u00e4rchen Aschenputtel in einer besonderen Form auf. Dabei blieb kein Auge trocken und die Darsteller wurden mit tosendem Applaus belohnt.<\/p>\n<p>Aufgeheitert durch die Darbietung verbrachten die gesellige Runde noch viele sch\u00f6ne Stunden, so dass der Kameradschaftsabend erst in den fr\u00fchen Morgenstunden zum Ausklang kam.<\/p>\n<p>Auf diesem Wege ein herzliches Dankesch\u00f6n an alle die zum Gelingen dieses Abends beigetragen haben!<\/p>\n<p>&nbsp;<\/p>\n","protected":false},"excerpt":{"rendered":"<p>Am 21.11.2015 fand der Kameradschaftsabend der Freiwilligen Feuerwehr Oberriexingen in den R\u00e4umlichkeiten des Weingutes St\u00e4rk statt. Zu Beginn begr\u00fc\u00dfte Kommandant Martin Schray die anwesenden Kameraden und Kameradinnen sowie deren Partner. Danach folgten noch ein paar von allen hei\u00df ersehnte Informationen &hellip;<\/p>\n<p class=\"read-more\"> <a class=\"more-link\" href=\"https:\/\/feuerwehr-oberriexingen.de\/content\/2015\/11\/21-11-2015-kameradschaftsabend\/\"> <span class=\"screen-reader-text\">21.11.2015 &#8211; Kameradschaftsabend<\/span> Weiterlesen &raquo;<\/a><\/p>\n","protected":false},"author":1,"featured_media":615,"comment_status":"closed","ping_status":"closed","sticky":false,"template":"","format":"standard","meta":{"_cbd_carousel_blocks":"[]"},"categories":[16,36],"tags":[43],"yoast_head":"<!-- This site is optimized with the Yoast SEO plugin v17.8 - https:\/\/yoast.com\/wordpress\/plugins\/seo\/ -->\n<title>21.11.2015 - Kameradschaftsabend - Freiwillige Feuerwehr Oberriexingen<\/title>\n<meta name=\"robots\" content=\"index, follow, max-snippet:-1, max-image-preview:large, max-video-preview:-1\" \/>\n<link rel=\"canonical\" href=\"https:\/\/feuerwehr-oberriexingen.de\/content\/2015\/11\/21-11-2015-kameradschaftsabend\/\" \/>\n<meta property=\"og:locale\" content=\"de_DE\" \/>\n<meta property=\"og:type\" content=\"article\" \/>\n<meta property=\"og:title\" content=\"21.11.2015 - Kameradschaftsabend - Freiwillige Feuerwehr Oberriexingen\" \/>\n<meta property=\"og:description\" content=\"Am 21.11.2015 fand der Kameradschaftsabend der Freiwilligen Feuerwehr Oberriexingen in den R\u00e4umlichkeiten des Weingutes St\u00e4rk statt. Zu Beginn begr\u00fc\u00dfte Kommandant Martin Schray die anwesenden Kameraden und Kameradinnen sowie deren Partner. Danach folgten noch ein paar von allen hei\u00df ersehnte Informationen &hellip; 21.11.2015 &#8211; Kameradschaftsabend Weiterlesen &raquo;\" \/>\n<meta property=\"og:url\" content=\"https:\/\/feuerwehr-oberriexingen.de\/content\/2015\/11\/21-11-2015-kameradschaftsabend\/\" \/>\n<meta property=\"og:site_name\" content=\"Freiwillige Feuerwehr Oberriexingen\" \/>\n<meta property=\"article:publisher\" content=\"https:\/\/www.facebook.com\/ffwoberriexingen\/\" \/>\n<meta property=\"article:published_time\" content=\"2015-11-28T17:28:12+00:00\" \/>\n<meta property=\"og:image\" content=\"https:\/\/feuerwehr-oberriexingen.de\/content\/wp-content\/uploads\/2015\/11\/Kameradschaftsabend2015_Essen.jpg\" \/>\n\t<meta property=\"og:image:width\" content=\"1024\" \/>\n\t<meta property=\"og:image:height\" content=\"768\" \/>\n<meta name=\"twitter:label1\" content=\"Verfasst von\" \/>\n\t<meta name=\"twitter:data1\" content=\"mamu\" \/>\n\t<meta name=\"twitter:label2\" content=\"Gesch\u00e4tzte Lesezeit\" \/>\n\t<meta name=\"twitter:data2\" content=\"1\u00a0Minute\" \/>\n<script type=\"application\/ld+json\" class=\"yoast-schema-graph\">{\"@context\":\"https:\/\/schema.org\",\"@graph\":[{\"@type\":\"WebSite\",\"@id\":\"https:\/\/feuerwehr-oberriexingen.de\/content\/#website\",\"url\":\"https:\/\/feuerwehr-oberriexingen.de\/content\/\",\"name\":\"Freiwillige Feuerwehr Oberriexingen\",\"description\":\"24h f\\u00fcr Sie im Einsatz\",\"potentialAction\":[{\"@type\":\"SearchAction\",\"target\":{\"@type\":\"EntryPoint\",\"urlTemplate\":\"https:\/\/feuerwehr-oberriexingen.de\/content\/?s={search_term_string}\"},\"query-input\":\"required name=search_term_string\"}],\"inLanguage\":\"de\"},{\"@type\":\"ImageObject\",\"@id\":\"https:\/\/feuerwehr-oberriexingen.de\/content\/2015\/11\/21-11-2015-kameradschaftsabend\/#primaryimage\",\"inLanguage\":\"de\",\"url\":\"https:\/\/feuerwehr-oberriexingen.de\/content\/wp-content\/uploads\/2015\/11\/Kameradschaftsabend2015_Essen.jpg\",\"contentUrl\":\"https:\/\/feuerwehr-oberriexingen.de\/content\/wp-content\/uploads\/2015\/11\/Kameradschaftsabend2015_Essen.jpg\",\"width\":1024,\"height\":768},{\"@type\":\"WebPage\",\"@id\":\"https:\/\/feuerwehr-oberriexingen.de\/content\/2015\/11\/21-11-2015-kameradschaftsabend\/#webpage\",\"url\":\"https:\/\/feuerwehr-oberriexingen.de\/content\/2015\/11\/21-11-2015-kameradschaftsabend\/\",\"name\":\"21.11.2015 - Kameradschaftsabend - Freiwillige Feuerwehr Oberriexingen\",\"isPartOf\":{\"@id\":\"https:\/\/feuerwehr-oberriexingen.de\/content\/#website\"},\"primaryImageOfPage\":{\"@id\":\"https:\/\/feuerwehr-oberriexingen.de\/content\/2015\/11\/21-11-2015-kameradschaftsabend\/#primaryimage\"},\"datePublished\":\"2015-11-28T17:28:12+00:00\",\"dateModified\":\"2015-11-28T17:28:12+00:00\",\"author\":{\"@id\":\"https:\/\/feuerwehr-oberriexingen.de\/content\/#\/schema\/person\/f44e8787563605728f439059cfff6f98\"},\"breadcrumb\":{\"@id\":\"https:\/\/feuerwehr-oberriexingen.de\/content\/2015\/11\/21-11-2015-kameradschaftsabend\/#breadcrumb\"},\"inLanguage\":\"de\",\"potentialAction\":[{\"@type\":\"ReadAction\",\"target\":[\"https:\/\/feuerwehr-oberriexingen.de\/content\/2015\/11\/21-11-2015-kameradschaftsabend\/\"]}]},{\"@type\":\"BreadcrumbList\",\"@id\":\"https:\/\/feuerwehr-oberriexingen.de\/content\/2015\/11\/21-11-2015-kameradschaftsabend\/#breadcrumb\",\"itemListElement\":[{\"@type\":\"ListItem\",\"position\":1,\"name\":\"Home\",\"item\":\"https:\/\/feuerwehr-oberriexingen.de\/content\/\"},{\"@type\":\"ListItem\",\"position\":2,\"name\":\"21.11.2015 &#8211; Kameradschaftsabend\"}]},{\"@type\":\"Person\",\"@id\":\"https:\/\/feuerwehr-oberriexingen.de\/content\/#\/schema\/person\/f44e8787563605728f439059cfff6f98\",\"name\":\"mamu\",\"image\":{\"@type\":\"ImageObject\",\"@id\":\"https:\/\/feuerwehr-oberriexingen.de\/content\/#personlogo\",\"inLanguage\":\"de\",\"url\":\"https:\/\/secure.gravatar.com\/avatar\/63473812ede41450ae09ddb3e422683c?s=96&d=mm&r=g\",\"contentUrl\":\"https:\/\/secure.gravatar.com\/avatar\/63473812ede41450ae09ddb3e422683c?s=96&d=mm&r=g\",\"caption\":\"mamu\"},\"sameAs\":[\"http:\/\/www.feuerwehr-oberriexingen.de\"],\"url\":\"https:\/\/feuerwehr-oberriexingen.de\/content\/author\/mamu\/\"}]}<\/script>\n<!-- \/ Yoast SEO plugin. -->","yoast_head_json":{"title":"21.11.2015 - Kameradschaftsabend - Freiwillige Feuerwehr Oberriexingen","robots":{"index":"index","follow":"follow","max-snippet":"max-snippet:-1","max-image-preview":"max-image-preview:large","max-video-preview":"max-video-preview:-1"},"canonical":"https:\/\/feuerwehr-oberriexingen.de\/content\/2015\/11\/21-11-2015-kameradschaftsabend\/","og_locale":"de_DE","og_type":"article","og_title":"21.11.2015 - Kameradschaftsabend - Freiwillige Feuerwehr Oberriexingen","og_description":"Am 21.11.2015 fand der Kameradschaftsabend der Freiwilligen Feuerwehr Oberriexingen in den R\u00e4umlichkeiten des Weingutes St\u00e4rk statt. Zu Beginn begr\u00fc\u00dfte Kommandant Martin Schray die anwesenden Kameraden und Kameradinnen sowie deren Partner. Danach folgten noch ein paar von allen hei\u00df ersehnte Informationen &hellip; 21.11.2015 &#8211; Kameradschaftsabend Weiterlesen &raquo;","og_url":"https:\/\/feuerwehr-oberriexingen.de\/content\/2015\/11\/21-11-2015-kameradschaftsabend\/","og_site_name":"Freiwillige Feuerwehr Oberriexingen","article_publisher":"https:\/\/www.facebook.com\/ffwoberriexingen\/","article_published_time":"2015-11-28T17:28:12+00:00","og_image":[{"width":1024,"height":768,"url":"https:\/\/feuerwehr-oberriexingen.de\/content\/wp-content\/uploads\/2015\/11\/Kameradschaftsabend2015_Essen.jpg","type":"image\/jpeg"}],"twitter_misc":{"Verfasst von":"mamu","Gesch\u00e4tzte Lesezeit":"1\u00a0Minute"},"schema":{"@context":"https:\/\/schema.org","@graph":[{"@type":"WebSite","@id":"https:\/\/feuerwehr-oberriexingen.de\/content\/#website","url":"https:\/\/feuerwehr-oberriexingen.de\/content\/","name":"Freiwillige Feuerwehr Oberriexingen","description":"24h f\u00fcr Sie im Einsatz","potentialAction":[{"@type":"SearchAction","target":{"@type":"EntryPoint","urlTemplate":"https:\/\/feuerwehr-oberriexingen.de\/content\/?s={search_term_string}"},"query-input":"required name=search_term_string"}],"inLanguage":"de"},{"@type":"ImageObject","@id":"https:\/\/feuerwehr-oberriexingen.de\/content\/2015\/11\/21-11-2015-kameradschaftsabend\/#primaryimage","inLanguage":"de","url":"https:\/\/feuerwehr-oberriexingen.de\/content\/wp-content\/uploads\/2015\/11\/Kameradschaftsabend2015_Essen.jpg","contentUrl":"https:\/\/feuerwehr-oberriexingen.de\/content\/wp-content\/uploads\/2015\/11\/Kameradschaftsabend2015_Essen.jpg","width":1024,"height":768},{"@type":"WebPage","@id":"https:\/\/feuerwehr-oberriexingen.de\/content\/2015\/11\/21-11-2015-kameradschaftsabend\/#webpage","url":"https:\/\/feuerwehr-oberriexingen.de\/content\/2015\/11\/21-11-2015-kameradschaftsabend\/","name":"21.11.2015 - Kameradschaftsabend - Freiwillige Feuerwehr Oberriexingen","isPartOf":{"@id":"https:\/\/feuerwehr-oberriexingen.de\/content\/#website"},"primaryImageOfPage":{"@id":"https:\/\/feuerwehr-oberriexingen.de\/content\/2015\/11\/21-11-2015-kameradschaftsabend\/#primaryimage"},"datePublished":"2015-11-28T17:28:12+00:00","dateModified":"2015-11-28T17:28:12+00:00","author":{"@id":"https:\/\/feuerwehr-oberriexingen.de\/content\/#\/schema\/person\/f44e8787563605728f439059cfff6f98"},"breadcrumb":{"@id":"https:\/\/feuerwehr-oberriexingen.de\/content\/2015\/11\/21-11-2015-kameradschaftsabend\/#breadcrumb"},"inLanguage":"de","potentialAction":[{"@type":"ReadAction","target":["https:\/\/feuerwehr-oberriexingen.de\/content\/2015\/11\/21-11-2015-kameradschaftsabend\/"]}]},{"@type":"BreadcrumbList","@id":"https:\/\/feuerwehr-oberriexingen.de\/content\/2015\/11\/21-11-2015-kameradschaftsabend\/#breadcrumb","itemListElement":[{"@type":"ListItem","position":1,"name":"Home","item":"https:\/\/feuerwehr-oberriexingen.de\/content\/"},{"@type":"ListItem","position":2,"name":"21.11.2015 &#8211; Kameradschaftsabend"}]},{"@type":"Person","@id":"https:\/\/feuerwehr-oberriexingen.de\/content\/#\/schema\/person\/f44e8787563605728f439059cfff6f98","name":"mamu","image":{"@type":"ImageObject","@id":"https:\/\/feuerwehr-oberriexingen.de\/content\/#personlogo","inLanguage":"de","url":"https:\/\/secure.gravatar.com\/avatar\/63473812ede41450ae09ddb3e422683c?s=96&d=mm&r=g","contentUrl":"https:\/\/secure.gravatar.com\/avatar\/63473812ede41450ae09ddb3e422683c?s=96&d=mm&r=g","caption":"mamu"},"sameAs":["http:\/\/www.feuerwehr-oberriexingen.de"],"url":"https:\/\/feuerwehr-oberriexingen.de\/content\/author\/mamu\/"}]}},"_links":{"self":[{"href":"https:\/\/feuerwehr-oberriexingen.de\/content\/wp-json\/wp\/v2\/posts\/610"}],"collection":[{"href":"https:\/\/feuerwehr-oberriexingen.de\/content\/wp-json\/wp\/v2\/posts"}],"about":[{"href":"https:\/\/feuerwehr-oberriexingen.de\/content\/wp-json\/wp\/v2\/types\/post"}],"author":[{"embeddable":true,"href":"https:\/\/feuerwehr-oberriexingen.de\/content\/wp-json\/wp\/v2\/users\/1"}],"replies":[{"embeddable":true,"href":"https:\/\/feuerwehr-oberriexingen.de\/content\/wp-json\/wp\/v2\/comments?post=610"}],"version-history":[{"count":4,"href":"https:\/\/feuerwehr-oberriexingen.de\/content\/wp-json\/wp\/v2\/posts\/610\/revisions"}],"predecessor-version":[{"id":618,"href":"https:\/\/feuerwehr-oberriexingen.de\/content\/wp-json\/wp\/v2\/posts\/610\/revisions\/618"}],"wp:featuredmedia":[{"embeddable":true,"href":"https:\/\/feuerwehr-oberriexingen.de\/content\/wp-json\/wp\/v2\/media\/615"}],"wp:attachment":[{"href":"https:\/\/feuerwehr-oberriexingen.de\/content\/wp-json\/wp\/v2\/media?parent=610"}],"wp:term":[{"taxonomy":"category","embeddable":true,"href":"https:\/\/feuerwehr-oberriexingen.de\/content\/wp-json\/wp\/v2\/categories?post=610"},{"taxonomy":"post_tag","embeddable":true,"href":"https:\/\/feuerwehr-oberriexingen.de\/content\/wp-json\/wp\/v2\/tags?post=610"}],"curies":[{"name":"wp","href":"https:\/\/api.w.org\/{rel}","templated":true}]}}