{"id":3007,"date":"2026-03-11T22:29:38","date_gmt":"2026-03-11T21:29:38","guid":{"rendered":"https:\/\/feuerwehr-oberriexingen.de\/content\/?p=3007"},"modified":"2026-03-11T22:29:39","modified_gmt":"2026-03-11T21:29:39","slug":"grundausbildung-abschlussuebung-2026","status":"publish","type":"post","link":"https:\/\/feuerwehr-oberriexingen.de\/content\/2026\/03\/grundausbildung-abschlussuebung-2026\/","title":{"rendered":"Grundausbildung Abschluss\u00fcbung 2026"},"content":{"rendered":"\n<article class=\"text-token-text-primary w-full focus:outline-none [--shadow-height:45px] has-data-writing-block:pointer-events-none has-data-writing-block:-mt-(--shadow-height) has-data-writing-block:pt-(--shadow-height) [&amp;:has([data-writing-block])&gt;*]:pointer-events-auto scroll-mt-(--header-height)\" dir=\"auto\" style=\"font-style: normal; font-variant-caps: normal; font-weight: 400; letter-spacing: normal; orphans: auto; text-align: start; text-indent: 0px; text-transform: none; white-space: normal; widows: auto; word-spacing: 0px; -webkit-text-stroke-width: 0px; text-decoration: none; caret-color: #000000; color: #000000;\" tabindex=\"-1\" data-turn-id=\"0e42216e-f1b3-4b86-9ebb-1cfa119ad5d7\" data-testid=\"conversation-turn-3\" data-scroll-anchor=\"false\" data-turn=\"user\">\n<div class=\"text-base my-auto mx-auto pt-12 [--thread-content-margin:var(--thread-content-margin-xs,calc(var(--spacing)*4))] @w-sm\/main:[--thread-content-margin:var(--thread-content-margin-sm,calc(var(--spacing)*6))] @w-lg\/main:[--thread-content-margin:var(--thread-content-margin-lg,calc(var(--spacing)*16))] px-(--thread-content-margin)\">\n<div class=\"[--thread-content-max-width:40rem] @w-lg\/main:[--thread-content-max-width:48rem] mx-auto max-w-(--thread-content-max-width) flex-1 group\/turn-messages focus-visible:outline-hidden relative flex w-full min-w-0 flex-col\" tabindex=\"-1\">\n<div class=\"flex max-w-full flex-col gap-4 grow\">\n<div class=\"min-h-8 text-message relative flex w-full flex-col items-end gap-2 text-start break-words whitespace-normal [.text-message+&amp;]:mt-1\" dir=\"auto\" data-message-author-role=\"user\" data-message-id=\"0e42216e-f1b3-4b86-9ebb-1cfa119ad5d7\">\n<div class=\"flex w-full flex-col gap-1 empty:hidden items-end rtl:items-start\">\n<div class=\"user-message-bubble-color corner-superellipse\/0.98 relative rounded-[22px] px-4 py-2.5 leading-6 max-w-(--user-chat-width,70%)\">\n<div class=\"whitespace-pre-wrap\"><span class=\"BZ_Pyq_fadeIn\">Am <\/span><span class=\"BZ_Pyq_fadeIn\">Samstag, <\/span><span class=\"BZ_Pyq_fadeIn\">den 07.03., <\/span><span class=\"BZ_Pyq_fadeIn\">fand <\/span><span class=\"BZ_Pyq_fadeIn\">auf <\/span><span class=\"BZ_Pyq_fadeIn\">dem <\/span><span class=\"BZ_Pyq_fadeIn\">Gel\u00e4nde <\/span><span class=\"BZ_Pyq_fadeIn\">der <\/span><span class=\"BZ_Pyq_fadeIn\">Feuerwehr <\/span><span class=\"BZ_Pyq_fadeIn\">Vaihingen <\/span><span class=\"BZ_Pyq_fadeIn\">die <\/span><span class=\"BZ_Pyq_fadeIn\">Abschluss\u00fcbung <\/span><span class=\"BZ_Pyq_fadeIn\">der <\/span><span class=\"BZ_Pyq_fadeIn\">diesj\u00e4hrigen <\/span><span class=\"BZ_Pyq_fadeIn\">Grundausbildung <\/span><span class=\"BZ_Pyq_fadeIn\">statt. <\/span><span class=\"BZ_Pyq_fadeIn\">Auch <\/span><span class=\"BZ_Pyq_fadeIn\">Raphael <\/span><span class=\"BZ_Pyq_fadeIn\">Artes <\/span><span class=\"BZ_Pyq_fadeIn\">nahm <\/span><span class=\"BZ_Pyq_fadeIn\">an <\/span><span class=\"BZ_Pyq_fadeIn\">dem <\/span><span class=\"BZ_Pyq_fadeIn\">Lehrgang <\/span><span class=\"BZ_Pyq_fadeIn\">teil <\/span><span class=\"BZ_Pyq_fadeIn\">und <\/span><span class=\"BZ_Pyq_fadeIn\">konnte <\/span><span class=\"BZ_Pyq_fadeIn\">bei <\/span><span class=\"BZ_Pyq_fadeIn\">der <\/span><span class=\"BZ_Pyq_fadeIn\">praktischen <\/span><span class=\"BZ_Pyq_fadeIn\">\u00dcbung <\/span><span class=\"BZ_Pyq_fadeIn\">im <\/span><span class=\"BZ_Pyq_fadeIn\">Bereich <\/span><span class=\"BZ_Pyq_fadeIn\">der <\/span><span class=\"BZ_Pyq_fadeIn\">Technischen <\/span><span class=\"BZ_Pyq_fadeIn\">Hilfeleistung <\/span><span class=\"BZ_Pyq_fadeIn\">und <\/span><span class=\"BZ_Pyq_fadeIn\">der <\/span><span class=\"BZ_Pyq_fadeIn\">Brandbek\u00e4mpfung <\/span><span class=\"BZ_Pyq_fadeIn\">sein <\/span><span class=\"BZ_Pyq_fadeIn\">erlerntes <\/span><span class=\"BZ_Pyq_fadeIn\">Wissen <\/span><span class=\"BZ_Pyq_fadeIn\">und <\/span><span class=\"BZ_Pyq_fadeIn\">K\u00f6nnen <\/span><span class=\"BZ_Pyq_fadeIn\">unter <\/span><span class=\"BZ_Pyq_fadeIn\">Beweis <\/span><span class=\"BZ_Pyq_fadeIn\">stellen.\u00a0<\/span><\/div>\n<\/div>\n<\/div>\n<\/div>\n<\/div>\n<\/div>\n<\/div>\n<\/article>\n<article class=\"text-token-text-primary w-full focus:outline-none [--shadow-height:45px] has-data-writing-block:pointer-events-none has-data-writing-block:-mt-(--shadow-height) has-data-writing-block:pt-(--shadow-height) [&amp;:has([data-writing-block])&gt;*]:pointer-events-auto scroll-mt-[calc(var(--header-height)+min(200px,max(70px,20svh)))]\" dir=\"auto\" style=\"font-style: normal; font-variant-caps: normal; font-weight: 400; letter-spacing: normal; orphans: auto; text-align: start; text-indent: 0px; text-transform: none; white-space: normal; widows: auto; word-spacing: 0px; -webkit-text-stroke-width: 0px; text-decoration: none; caret-color: #000000; color: #000000;\" tabindex=\"-1\" data-turn-id=\"request-WEB:e979da1e-a050-410a-9b27-9a237835fffc-1\" data-testid=\"conversation-turn-4\" data-scroll-anchor=\"false\" data-turn=\"assistant\">\n<div class=\"text-base my-auto mx-auto [--thread-content-margin:var(--thread-content-margin-xs,calc(var(--spacing)*4))] @w-sm\/main:[--thread-content-margin:var(--thread-content-margin-sm,calc(var(--spacing)*6))] @w-lg\/main:[--thread-content-margin:var(--thread-content-margin-lg,calc(var(--spacing)*16))] px-(--thread-content-margin)\">\n<div class=\"[--thread-content-max-width:40rem] @w-lg\/main:[--thread-content-max-width:48rem] mx-auto max-w-(--thread-content-max-width) flex-1 group\/turn-messages focus-visible:outline-hidden relative flex w-full min-w-0 flex-col agent-turn\" tabindex=\"-1\">\n<div class=\"flex max-w-full flex-col gap-4 grow\">\n<div class=\"min-h-8 text-message relative flex w-full flex-col items-end gap-2 text-start break-words whitespace-normal [.text-message+&amp;]:mt-1\" dir=\"auto\" data-message-author-role=\"assistant\" data-message-id=\"49a53f7f-9a2e-4bbb-987c-01d75ed7dd22\" data-message-model-slug=\"gpt-5-3\">\n<div class=\"flex w-full flex-col gap-1 empty:hidden\">\n<div class=\"markdown prose dark:prose-invert w-full wrap-break-word light markdown-new-styling\">\n<p data-start=\"426\" data-end=\"558\"><span class=\"BZ_Pyq_fadeIn\">Im <\/span><span class=\"BZ_Pyq_fadeIn\">Anschluss <\/span><span class=\"BZ_Pyq_fadeIn\">an <\/span><span class=\"BZ_Pyq_fadeIn\">die <\/span><span class=\"BZ_Pyq_fadeIn\">\u00dcbung <\/span><span class=\"BZ_Pyq_fadeIn\">wurden <\/span><span class=\"BZ_Pyq_fadeIn\">den <\/span><span class=\"BZ_Pyq_fadeIn\">angehenden <\/span><span class=\"BZ_Pyq_fadeIn\">Feuerwehrleuten <\/span><span class=\"BZ_Pyq_fadeIn\">die <\/span><span class=\"BZ_Pyq_fadeIn\">Urkunden <\/span><span class=\"BZ_Pyq_fadeIn\">zur <\/span><span class=\"BZ_Pyq_fadeIn\">erfolgreich <\/span><span class=\"BZ_Pyq_fadeIn\">bestandenen <\/span><span class=\"BZ_Pyq_fadeIn\">Grundausbildung <\/span><span class=\"BZ_Pyq_fadeIn\">\u00fcberreicht.<\/span><\/p>\n<\/div>\n<p data-start=\"426\" data-end=\"558\"><img decoding=\"async\" loading=\"lazy\" class=\"alignnone size-full wp-image-3008\" src=\"https:\/\/feuerwehr-oberriexingen.de\/content\/wp-content\/uploads\/2026\/03\/be294d66-34d4-45d5-a207-708b886b6b31.jpg\" alt=\"\" width=\"2048\" height=\"1536\" srcset=\"https:\/\/feuerwehr-oberriexingen.de\/content\/wp-content\/uploads\/2026\/03\/be294d66-34d4-45d5-a207-708b886b6b31.jpg 2048w, https:\/\/feuerwehr-oberriexingen.de\/content\/wp-content\/uploads\/2026\/03\/be294d66-34d4-45d5-a207-708b886b6b31-300x225.jpg 300w, https:\/\/feuerwehr-oberriexingen.de\/content\/wp-content\/uploads\/2026\/03\/be294d66-34d4-45d5-a207-708b886b6b31-768x576.jpg 768w, https:\/\/feuerwehr-oberriexingen.de\/content\/wp-content\/uploads\/2026\/03\/be294d66-34d4-45d5-a207-708b886b6b31-1536x1152.jpg 1536w, https:\/\/feuerwehr-oberriexingen.de\/content\/wp-content\/uploads\/2026\/03\/be294d66-34d4-45d5-a207-708b886b6b31-100x75.jpg 100w, https:\/\/feuerwehr-oberriexingen.de\/content\/wp-content\/uploads\/2026\/03\/be294d66-34d4-45d5-a207-708b886b6b31-150x113.jpg 150w, https:\/\/feuerwehr-oberriexingen.de\/content\/wp-content\/uploads\/2026\/03\/be294d66-34d4-45d5-a207-708b886b6b31-200x150.jpg 200w, https:\/\/feuerwehr-oberriexingen.de\/content\/wp-content\/uploads\/2026\/03\/be294d66-34d4-45d5-a207-708b886b6b31-450x338.jpg 450w, https:\/\/feuerwehr-oberriexingen.de\/content\/wp-content\/uploads\/2026\/03\/be294d66-34d4-45d5-a207-708b886b6b31-600x450.jpg 600w, https:\/\/feuerwehr-oberriexingen.de\/content\/wp-content\/uploads\/2026\/03\/be294d66-34d4-45d5-a207-708b886b6b31-900x675.jpg 900w\" sizes=\"(max-width: 2048px) 100vw, 2048px\" \/><\/p>\n<div class=\"markdown prose dark:prose-invert w-full wrap-break-word light markdown-new-styling\">\n<p data-start=\"560\" data-end=\"716\"><span class=\"BZ_Pyq_fadeIn\">Wir <\/span><span class=\"BZ_Pyq_fadeIn\">gratulieren <\/span><span class=\"BZ_Pyq_fadeIn\">Raphael <\/span><span class=\"BZ_Pyq_fadeIn\">Artes <\/span><span class=\"BZ_Pyq_fadeIn\">herzlich <\/span><span class=\"BZ_Pyq_fadeIn\">zur <\/span><span class=\"BZ_Pyq_fadeIn\">bestandenen <\/span><span class=\"BZ_Pyq_fadeIn\">Grundausbildung <\/span><span class=\"BZ_Pyq_fadeIn\">und <\/span><span class=\"BZ_Pyq_fadeIn\">w\u00fcnschen <\/span><span class=\"BZ_Pyq_fadeIn\">ihm <\/span><span class=\"BZ_Pyq_fadeIn\">eine <\/span><span class=\"BZ_Pyq_fadeIn\">unfallfreie <\/span><span class=\"BZ_Pyq_fadeIn\">sowie <\/span><span class=\"BZ_Pyq_fadeIn\">spannende <\/span><span class=\"BZ_Pyq_fadeIn\">Zeit <\/span><span class=\"BZ_Pyq_fadeIn\">im <\/span><span class=\"BZ_Pyq_fadeIn\">aktiven <\/span><span class=\"BZ_Pyq_fadeIn\">Einsatzdienst!\u00a0<\/span><\/p>\n<p data-start=\"718\" data-end=\"844\" data-is-last-node=\"\" data-is-only-node=\"\"><span class=\"BZ_Pyq_fadeIn\">Ein <\/span><span class=\"BZ_Pyq_fadeIn\">besonderer <\/span><span class=\"BZ_Pyq_fadeIn\">Dank <\/span><span class=\"BZ_Pyq_fadeIn\">gilt <\/span><span class=\"BZ_Pyq_fadeIn\">den <\/span><span class=\"BZ_Pyq_fadeIn\">Ausbildern <\/span><span class=\"BZ_Pyq_fadeIn\">f\u00fcr <\/span><span class=\"BZ_Pyq_fadeIn\">ihr <\/span><span class=\"BZ_Pyq_fadeIn\">gro\u00dfes <\/span><span class=\"BZ_Pyq_fadeIn\">Engagement <\/span><span class=\"BZ_Pyq_fadeIn\">sowie <\/span><span class=\"BZ_Pyq_fadeIn\">die <\/span><span class=\"BZ_Pyq_fadeIn\">Organisation <\/span><span class=\"BZ_Pyq_fadeIn\">und <\/span><span class=\"BZ_Pyq_fadeIn\">Durchf\u00fchrung <\/span><span class=\"BZ_Pyq_fadeIn\">dieses <\/span><span class=\"BZ_Pyq_fadeIn\">Lehrgangs.<\/span><\/p>\n<\/div>\n<\/div>\n<\/div>\n<\/div>\n<\/div>\n<\/div>\n<\/article>\n","protected":false},"excerpt":{"rendered":"<p>Am Samstag, den 07.03., fand auf dem Gel\u00e4nde der Feuerwehr Vaihingen die Abschluss\u00fcbung der diesj\u00e4hrigen Grundausbildung statt. Auch Raphael Artes nahm an dem Lehrgang teil und konnte bei der praktischen \u00dcbung im Bereich der Technischen Hilfeleistung und der Brandbek\u00e4mpfung sein &hellip;<\/p>\n<p class=\"read-more\"> <a class=\"more-link\" href=\"https:\/\/feuerwehr-oberriexingen.de\/content\/2026\/03\/grundausbildung-abschlussuebung-2026\/\"> <span class=\"screen-reader-text\">Grundausbildung Abschluss\u00fcbung 2026<\/span> Weiterlesen &raquo;<\/a><\/p>\n","protected":false},"author":2,"featured_media":3008,"comment_status":"closed","ping_status":"closed","sticky":false,"template":"","format":"standard","meta":{"_cbd_carousel_blocks":"[]"},"categories":[16],"tags":[],"yoast_head":"<!-- This site is optimized with the Yoast SEO plugin v17.8 - https:\/\/yoast.com\/wordpress\/plugins\/seo\/ -->\n<title>Grundausbildung Abschluss\u00fcbung 2026 - Freiwillige Feuerwehr Oberriexingen<\/title>\n<meta name=\"robots\" content=\"index, follow, max-snippet:-1, max-image-preview:large, max-video-preview:-1\" \/>\n<link rel=\"canonical\" href=\"https:\/\/feuerwehr-oberriexingen.de\/content\/2026\/03\/grundausbildung-abschlussuebung-2026\/\" \/>\n<meta property=\"og:locale\" content=\"de_DE\" \/>\n<meta property=\"og:type\" content=\"article\" \/>\n<meta property=\"og:title\" content=\"Grundausbildung Abschluss\u00fcbung 2026 - Freiwillige Feuerwehr Oberriexingen\" \/>\n<meta property=\"og:description\" content=\"Am Samstag, den 07.03., fand auf dem Gel\u00e4nde der Feuerwehr Vaihingen die Abschluss\u00fcbung der diesj\u00e4hrigen Grundausbildung statt. Auch Raphael Artes nahm an dem Lehrgang teil und konnte bei der praktischen \u00dcbung im Bereich der Technischen Hilfeleistung und der Brandbek\u00e4mpfung sein &hellip; Grundausbildung Abschluss\u00fcbung 2026 Weiterlesen &raquo;\" \/>\n<meta property=\"og:url\" content=\"https:\/\/feuerwehr-oberriexingen.de\/content\/2026\/03\/grundausbildung-abschlussuebung-2026\/\" \/>\n<meta property=\"og:site_name\" content=\"Freiwillige Feuerwehr Oberriexingen\" \/>\n<meta property=\"article:publisher\" content=\"https:\/\/www.facebook.com\/ffwoberriexingen\/\" \/>\n<meta property=\"article:published_time\" content=\"2026-03-11T21:29:38+00:00\" \/>\n<meta property=\"article:modified_time\" content=\"2026-03-11T21:29:39+00:00\" \/>\n<meta property=\"og:image\" content=\"https:\/\/feuerwehr-oberriexingen.de\/content\/wp-content\/uploads\/2026\/03\/be294d66-34d4-45d5-a207-708b886b6b31.jpg\" \/>\n\t<meta property=\"og:image:width\" content=\"2048\" \/>\n\t<meta property=\"og:image:height\" content=\"1536\" \/>\n<meta name=\"twitter:label1\" content=\"Verfasst von\" \/>\n\t<meta name=\"twitter:data1\" content=\"MH\" \/>\n\t<meta name=\"twitter:label2\" content=\"Gesch\u00e4tzte Lesezeit\" \/>\n\t<meta name=\"twitter:data2\" content=\"1\u00a0Minute\" \/>\n<script type=\"application\/ld+json\" class=\"yoast-schema-graph\">{\"@context\":\"https:\/\/schema.org\",\"@graph\":[{\"@type\":\"WebSite\",\"@id\":\"https:\/\/feuerwehr-oberriexingen.de\/content\/#website\",\"url\":\"https:\/\/feuerwehr-oberriexingen.de\/content\/\",\"name\":\"Freiwillige Feuerwehr Oberriexingen\",\"description\":\"24h f\\u00fcr Sie im Einsatz\",\"potentialAction\":[{\"@type\":\"SearchAction\",\"target\":{\"@type\":\"EntryPoint\",\"urlTemplate\":\"https:\/\/feuerwehr-oberriexingen.de\/content\/?s={search_term_string}\"},\"query-input\":\"required name=search_term_string\"}],\"inLanguage\":\"de\"},{\"@type\":\"ImageObject\",\"@id\":\"https:\/\/feuerwehr-oberriexingen.de\/content\/2026\/03\/grundausbildung-abschlussuebung-2026\/#primaryimage\",\"inLanguage\":\"de\",\"url\":\"https:\/\/feuerwehr-oberriexingen.de\/content\/wp-content\/uploads\/2026\/03\/be294d66-34d4-45d5-a207-708b886b6b31.jpg\",\"contentUrl\":\"https:\/\/feuerwehr-oberriexingen.de\/content\/wp-content\/uploads\/2026\/03\/be294d66-34d4-45d5-a207-708b886b6b31.jpg\",\"width\":2048,\"height\":1536},{\"@type\":\"WebPage\",\"@id\":\"https:\/\/feuerwehr-oberriexingen.de\/content\/2026\/03\/grundausbildung-abschlussuebung-2026\/#webpage\",\"url\":\"https:\/\/feuerwehr-oberriexingen.de\/content\/2026\/03\/grundausbildung-abschlussuebung-2026\/\",\"name\":\"Grundausbildung Abschluss\\u00fcbung 2026 - Freiwillige Feuerwehr Oberriexingen\",\"isPartOf\":{\"@id\":\"https:\/\/feuerwehr-oberriexingen.de\/content\/#website\"},\"primaryImageOfPage\":{\"@id\":\"https:\/\/feuerwehr-oberriexingen.de\/content\/2026\/03\/grundausbildung-abschlussuebung-2026\/#primaryimage\"},\"datePublished\":\"2026-03-11T21:29:38+00:00\",\"dateModified\":\"2026-03-11T21:29:39+00:00\",\"author\":{\"@id\":\"https:\/\/feuerwehr-oberriexingen.de\/content\/#\/schema\/person\/ad21a44fbe5262de07b0e3baaa0c954e\"},\"breadcrumb\":{\"@id\":\"https:\/\/feuerwehr-oberriexingen.de\/content\/2026\/03\/grundausbildung-abschlussuebung-2026\/#breadcrumb\"},\"inLanguage\":\"de\",\"potentialAction\":[{\"@type\":\"ReadAction\",\"target\":[\"https:\/\/feuerwehr-oberriexingen.de\/content\/2026\/03\/grundausbildung-abschlussuebung-2026\/\"]}]},{\"@type\":\"BreadcrumbList\",\"@id\":\"https:\/\/feuerwehr-oberriexingen.de\/content\/2026\/03\/grundausbildung-abschlussuebung-2026\/#breadcrumb\",\"itemListElement\":[{\"@type\":\"ListItem\",\"position\":1,\"name\":\"Home\",\"item\":\"https:\/\/feuerwehr-oberriexingen.de\/content\/\"},{\"@type\":\"ListItem\",\"position\":2,\"name\":\"Grundausbildung Abschluss\\u00fcbung 2026\"}]},{\"@type\":\"Person\",\"@id\":\"https:\/\/feuerwehr-oberriexingen.de\/content\/#\/schema\/person\/ad21a44fbe5262de07b0e3baaa0c954e\",\"name\":\"MH\",\"image\":{\"@type\":\"ImageObject\",\"@id\":\"https:\/\/feuerwehr-oberriexingen.de\/content\/#personlogo\",\"inLanguage\":\"de\",\"url\":\"https:\/\/secure.gravatar.com\/avatar\/49dedc09485d9f11632616657d857888?s=96&d=mm&r=g\",\"contentUrl\":\"https:\/\/secure.gravatar.com\/avatar\/49dedc09485d9f11632616657d857888?s=96&d=mm&r=g\",\"caption\":\"MH\"},\"sameAs\":[\"http:\/\/www.feuerwehr-oberriexingen.de\"],\"url\":\"https:\/\/feuerwehr-oberriexingen.de\/content\/author\/mhueber\/\"}]}<\/script>\n<!-- \/ Yoast SEO plugin. -->","yoast_head_json":{"title":"Grundausbildung Abschluss\u00fcbung 2026 - Freiwillige Feuerwehr Oberriexingen","robots":{"index":"index","follow":"follow","max-snippet":"max-snippet:-1","max-image-preview":"max-image-preview:large","max-video-preview":"max-video-preview:-1"},"canonical":"https:\/\/feuerwehr-oberriexingen.de\/content\/2026\/03\/grundausbildung-abschlussuebung-2026\/","og_locale":"de_DE","og_type":"article","og_title":"Grundausbildung Abschluss\u00fcbung 2026 - Freiwillige Feuerwehr Oberriexingen","og_description":"Am Samstag, den 07.03., fand auf dem Gel\u00e4nde der Feuerwehr Vaihingen die Abschluss\u00fcbung der diesj\u00e4hrigen Grundausbildung statt. Auch Raphael Artes nahm an dem Lehrgang teil und konnte bei der praktischen \u00dcbung im Bereich der Technischen Hilfeleistung und der Brandbek\u00e4mpfung sein &hellip; Grundausbildung Abschluss\u00fcbung 2026 Weiterlesen &raquo;","og_url":"https:\/\/feuerwehr-oberriexingen.de\/content\/2026\/03\/grundausbildung-abschlussuebung-2026\/","og_site_name":"Freiwillige Feuerwehr Oberriexingen","article_publisher":"https:\/\/www.facebook.com\/ffwoberriexingen\/","article_published_time":"2026-03-11T21:29:38+00:00","article_modified_time":"2026-03-11T21:29:39+00:00","og_image":[{"width":2048,"height":1536,"url":"https:\/\/feuerwehr-oberriexingen.de\/content\/wp-content\/uploads\/2026\/03\/be294d66-34d4-45d5-a207-708b886b6b31.jpg","type":"image\/jpeg"}],"twitter_misc":{"Verfasst von":"MH","Gesch\u00e4tzte Lesezeit":"1\u00a0Minute"},"schema":{"@context":"https:\/\/schema.org","@graph":[{"@type":"WebSite","@id":"https:\/\/feuerwehr-oberriexingen.de\/content\/#website","url":"https:\/\/feuerwehr-oberriexingen.de\/content\/","name":"Freiwillige Feuerwehr Oberriexingen","description":"24h f\u00fcr Sie im Einsatz","potentialAction":[{"@type":"SearchAction","target":{"@type":"EntryPoint","urlTemplate":"https:\/\/feuerwehr-oberriexingen.de\/content\/?s={search_term_string}"},"query-input":"required name=search_term_string"}],"inLanguage":"de"},{"@type":"ImageObject","@id":"https:\/\/feuerwehr-oberriexingen.de\/content\/2026\/03\/grundausbildung-abschlussuebung-2026\/#primaryimage","inLanguage":"de","url":"https:\/\/feuerwehr-oberriexingen.de\/content\/wp-content\/uploads\/2026\/03\/be294d66-34d4-45d5-a207-708b886b6b31.jpg","contentUrl":"https:\/\/feuerwehr-oberriexingen.de\/content\/wp-content\/uploads\/2026\/03\/be294d66-34d4-45d5-a207-708b886b6b31.jpg","width":2048,"height":1536},{"@type":"WebPage","@id":"https:\/\/feuerwehr-oberriexingen.de\/content\/2026\/03\/grundausbildung-abschlussuebung-2026\/#webpage","url":"https:\/\/feuerwehr-oberriexingen.de\/content\/2026\/03\/grundausbildung-abschlussuebung-2026\/","name":"Grundausbildung Abschluss\u00fcbung 2026 - Freiwillige Feuerwehr Oberriexingen","isPartOf":{"@id":"https:\/\/feuerwehr-oberriexingen.de\/content\/#website"},"primaryImageOfPage":{"@id":"https:\/\/feuerwehr-oberriexingen.de\/content\/2026\/03\/grundausbildung-abschlussuebung-2026\/#primaryimage"},"datePublished":"2026-03-11T21:29:38+00:00","dateModified":"2026-03-11T21:29:39+00:00","author":{"@id":"https:\/\/feuerwehr-oberriexingen.de\/content\/#\/schema\/person\/ad21a44fbe5262de07b0e3baaa0c954e"},"breadcrumb":{"@id":"https:\/\/feuerwehr-oberriexingen.de\/content\/2026\/03\/grundausbildung-abschlussuebung-2026\/#breadcrumb"},"inLanguage":"de","potentialAction":[{"@type":"ReadAction","target":["https:\/\/feuerwehr-oberriexingen.de\/content\/2026\/03\/grundausbildung-abschlussuebung-2026\/"]}]},{"@type":"BreadcrumbList","@id":"https:\/\/feuerwehr-oberriexingen.de\/content\/2026\/03\/grundausbildung-abschlussuebung-2026\/#breadcrumb","itemListElement":[{"@type":"ListItem","position":1,"name":"Home","item":"https:\/\/feuerwehr-oberriexingen.de\/content\/"},{"@type":"ListItem","position":2,"name":"Grundausbildung Abschluss\u00fcbung 2026"}]},{"@type":"Person","@id":"https:\/\/feuerwehr-oberriexingen.de\/content\/#\/schema\/person\/ad21a44fbe5262de07b0e3baaa0c954e","name":"MH","image":{"@type":"ImageObject","@id":"https:\/\/feuerwehr-oberriexingen.de\/content\/#personlogo","inLanguage":"de","url":"https:\/\/secure.gravatar.com\/avatar\/49dedc09485d9f11632616657d857888?s=96&d=mm&r=g","contentUrl":"https:\/\/secure.gravatar.com\/avatar\/49dedc09485d9f11632616657d857888?s=96&d=mm&r=g","caption":"MH"},"sameAs":["http:\/\/www.feuerwehr-oberriexingen.de"],"url":"https:\/\/feuerwehr-oberriexingen.de\/content\/author\/mhueber\/"}]}},"_links":{"self":[{"href":"https:\/\/feuerwehr-oberriexingen.de\/content\/wp-json\/wp\/v2\/posts\/3007"}],"collection":[{"href":"https:\/\/feuerwehr-oberriexingen.de\/content\/wp-json\/wp\/v2\/posts"}],"about":[{"href":"https:\/\/feuerwehr-oberriexingen.de\/content\/wp-json\/wp\/v2\/types\/post"}],"author":[{"embeddable":true,"href":"https:\/\/feuerwehr-oberriexingen.de\/content\/wp-json\/wp\/v2\/users\/2"}],"replies":[{"embeddable":true,"href":"https:\/\/feuerwehr-oberriexingen.de\/content\/wp-json\/wp\/v2\/comments?post=3007"}],"version-history":[{"count":1,"href":"https:\/\/feuerwehr-oberriexingen.de\/content\/wp-json\/wp\/v2\/posts\/3007\/revisions"}],"predecessor-version":[{"id":3009,"href":"https:\/\/feuerwehr-oberriexingen.de\/content\/wp-json\/wp\/v2\/posts\/3007\/revisions\/3009"}],"wp:featuredmedia":[{"embeddable":true,"href":"https:\/\/feuerwehr-oberriexingen.de\/content\/wp-json\/wp\/v2\/media\/3008"}],"wp:attachment":[{"href":"https:\/\/feuerwehr-oberriexingen.de\/content\/wp-json\/wp\/v2\/media?parent=3007"}],"wp:term":[{"taxonomy":"category","embeddable":true,"href":"https:\/\/feuerwehr-oberriexingen.de\/content\/wp-json\/wp\/v2\/categories?post=3007"},{"taxonomy":"post_tag","embeddable":true,"href":"https:\/\/feuerwehr-oberriexingen.de\/content\/wp-json\/wp\/v2\/tags?post=3007"}],"curies":[{"name":"wp","href":"https:\/\/api.w.org\/{rel}","templated":true}]}}