{"id":3001,"date":"2026-02-02T16:15:59","date_gmt":"2026-02-02T15:15:59","guid":{"rendered":"https:\/\/feuerwehr-oberriexingen.de\/content\/?p=3001"},"modified":"2026-02-02T16:16:00","modified_gmt":"2026-02-02T15:16:00","slug":"grundschule-zu-besuch-bei-der-feuerwehr","status":"publish","type":"post","link":"https:\/\/feuerwehr-oberriexingen.de\/content\/2026\/02\/grundschule-zu-besuch-bei-der-feuerwehr\/","title":{"rendered":"Grundschule zu Besuch bei der Feuerwehr"},"content":{"rendered":"\n<p>Am 29.01. war die Grundschule Oberriexingen mit den 2 4.-Klassen bei der Feuerwehr zu Besuch im Feuerwehrger\u00e4tehaus. Nach der Begr\u00fc\u00dfung wurde direkt ein realistisches Notrufgespr\u00e4ch gef\u00fchrt und den Sch\u00fclern der Ablauf einer Alarmierung bis zum Abr\u00fccken der Fahrzeuge erkl\u00e4rt und vorgef\u00fchrt. Anschlie\u00dfend wurde das Thema Feuer und L\u00f6schen, welches die Sch\u00fclerinnen und Sch\u00fcler derzeit im Sachunterricht behandeln, von den Kameraden aufgegriffen und mit den Kindern durchgesprochen. Das vorhandene Fachwissen der Gruppen war sehr beachtlich, so dass viele Fragen seitens der Feuerwehrkameraden ohne Z\u00f6gern beantwortet wurden und im Gegenzug dazu viele Fragen kamen, welche wir zu beantworten hatten. Abschlie\u00dfend ging es noch um die Aufgaben der Feuerwehr allgemein sowie zu einer kurzen Besichtigung des Oberriexinger HLF. Auch hier war das Interesse sehr hoch und die Fragen absolut spannend. Unser herzlicher Dank an die beiden Lehrerinnen f\u00fcr die tolle Vorbereitung der Sch\u00fclerinnen und Sch\u00fcler, ebenso aber auch an die beiden Gruppen selbst, die durch ihr Interesse und Wissen den Vormittag auch f\u00fcr uns sehr spannend gestalteten.<\/p>\n<p><img decoding=\"async\" loading=\"lazy\" class=\"alignnone  wp-image-3002\" src=\"https:\/\/feuerwehr-oberriexingen.de\/content\/wp-content\/uploads\/2026\/02\/9a55e62e-842f-4e92-afeb-2acbc3d9cf69-2.jpg\" alt=\"\" width=\"262\" height=\"350\" srcset=\"https:\/\/feuerwehr-oberriexingen.de\/content\/wp-content\/uploads\/2026\/02\/9a55e62e-842f-4e92-afeb-2acbc3d9cf69-2.jpg 1500w, https:\/\/feuerwehr-oberriexingen.de\/content\/wp-content\/uploads\/2026\/02\/9a55e62e-842f-4e92-afeb-2acbc3d9cf69-2-225x300.jpg 225w, https:\/\/feuerwehr-oberriexingen.de\/content\/wp-content\/uploads\/2026\/02\/9a55e62e-842f-4e92-afeb-2acbc3d9cf69-2-768x1024.jpg 768w, https:\/\/feuerwehr-oberriexingen.de\/content\/wp-content\/uploads\/2026\/02\/9a55e62e-842f-4e92-afeb-2acbc3d9cf69-2-1152x1536.jpg 1152w, https:\/\/feuerwehr-oberriexingen.de\/content\/wp-content\/uploads\/2026\/02\/9a55e62e-842f-4e92-afeb-2acbc3d9cf69-2-100x133.jpg 100w, https:\/\/feuerwehr-oberriexingen.de\/content\/wp-content\/uploads\/2026\/02\/9a55e62e-842f-4e92-afeb-2acbc3d9cf69-2-150x200.jpg 150w, https:\/\/feuerwehr-oberriexingen.de\/content\/wp-content\/uploads\/2026\/02\/9a55e62e-842f-4e92-afeb-2acbc3d9cf69-2-200x267.jpg 200w, https:\/\/feuerwehr-oberriexingen.de\/content\/wp-content\/uploads\/2026\/02\/9a55e62e-842f-4e92-afeb-2acbc3d9cf69-2-300x400.jpg 300w, https:\/\/feuerwehr-oberriexingen.de\/content\/wp-content\/uploads\/2026\/02\/9a55e62e-842f-4e92-afeb-2acbc3d9cf69-2-450x600.jpg 450w, https:\/\/feuerwehr-oberriexingen.de\/content\/wp-content\/uploads\/2026\/02\/9a55e62e-842f-4e92-afeb-2acbc3d9cf69-2-600x800.jpg 600w, https:\/\/feuerwehr-oberriexingen.de\/content\/wp-content\/uploads\/2026\/02\/9a55e62e-842f-4e92-afeb-2acbc3d9cf69-2-900x1200.jpg 900w\" sizes=\"(max-width: 262px) 100vw, 262px\" \/> <img decoding=\"async\" loading=\"lazy\" class=\"alignnone  wp-image-3003\" src=\"https:\/\/feuerwehr-oberriexingen.de\/content\/wp-content\/uploads\/2026\/02\/2f18241d-2385-4e26-b575-8fb958c5d5fd.jpg\" alt=\"\" width=\"263\" height=\"351\" srcset=\"https:\/\/feuerwehr-oberriexingen.de\/content\/wp-content\/uploads\/2026\/02\/2f18241d-2385-4e26-b575-8fb958c5d5fd.jpg 1500w, https:\/\/feuerwehr-oberriexingen.de\/content\/wp-content\/uploads\/2026\/02\/2f18241d-2385-4e26-b575-8fb958c5d5fd-225x300.jpg 225w, https:\/\/feuerwehr-oberriexingen.de\/content\/wp-content\/uploads\/2026\/02\/2f18241d-2385-4e26-b575-8fb958c5d5fd-768x1024.jpg 768w, https:\/\/feuerwehr-oberriexingen.de\/content\/wp-content\/uploads\/2026\/02\/2f18241d-2385-4e26-b575-8fb958c5d5fd-1152x1536.jpg 1152w, https:\/\/feuerwehr-oberriexingen.de\/content\/wp-content\/uploads\/2026\/02\/2f18241d-2385-4e26-b575-8fb958c5d5fd-100x133.jpg 100w, https:\/\/feuerwehr-oberriexingen.de\/content\/wp-content\/uploads\/2026\/02\/2f18241d-2385-4e26-b575-8fb958c5d5fd-150x200.jpg 150w, https:\/\/feuerwehr-oberriexingen.de\/content\/wp-content\/uploads\/2026\/02\/2f18241d-2385-4e26-b575-8fb958c5d5fd-200x267.jpg 200w, https:\/\/feuerwehr-oberriexingen.de\/content\/wp-content\/uploads\/2026\/02\/2f18241d-2385-4e26-b575-8fb958c5d5fd-300x400.jpg 300w, https:\/\/feuerwehr-oberriexingen.de\/content\/wp-content\/uploads\/2026\/02\/2f18241d-2385-4e26-b575-8fb958c5d5fd-450x600.jpg 450w, https:\/\/feuerwehr-oberriexingen.de\/content\/wp-content\/uploads\/2026\/02\/2f18241d-2385-4e26-b575-8fb958c5d5fd-600x800.jpg 600w, https:\/\/feuerwehr-oberriexingen.de\/content\/wp-content\/uploads\/2026\/02\/2f18241d-2385-4e26-b575-8fb958c5d5fd-900x1200.jpg 900w\" sizes=\"(max-width: 263px) 100vw, 263px\" \/><\/p>\n<p>F\u00fcr die Feuerwehr Oberriexingen<\/p>\n<p>Christoph Stangl<\/p>\n","protected":false},"excerpt":{"rendered":"<p>Am 29.01. war die Grundschule Oberriexingen mit den 2 4.-Klassen bei der Feuerwehr zu Besuch im Feuerwehrger\u00e4tehaus. Nach der Begr\u00fc\u00dfung wurde direkt ein realistisches Notrufgespr\u00e4ch gef\u00fchrt und den Sch\u00fclern der Ablauf einer Alarmierung bis zum Abr\u00fccken der Fahrzeuge erkl\u00e4rt und &hellip;<\/p>\n<p class=\"read-more\"> <a class=\"more-link\" href=\"https:\/\/feuerwehr-oberriexingen.de\/content\/2026\/02\/grundschule-zu-besuch-bei-der-feuerwehr\/\"> <span class=\"screen-reader-text\">Grundschule zu Besuch bei der Feuerwehr<\/span> Weiterlesen &raquo;<\/a><\/p>\n","protected":false},"author":2,"featured_media":3002,"comment_status":"closed","ping_status":"closed","sticky":false,"template":"","format":"standard","meta":{"_cbd_carousel_blocks":"[]"},"categories":[16],"tags":[],"yoast_head":"<!-- This site is optimized with the Yoast SEO plugin v17.8 - https:\/\/yoast.com\/wordpress\/plugins\/seo\/ -->\n<title>Grundschule zu Besuch bei der Feuerwehr - Freiwillige Feuerwehr Oberriexingen<\/title>\n<meta name=\"robots\" content=\"index, follow, max-snippet:-1, max-image-preview:large, max-video-preview:-1\" \/>\n<link rel=\"canonical\" href=\"https:\/\/feuerwehr-oberriexingen.de\/content\/2026\/02\/grundschule-zu-besuch-bei-der-feuerwehr\/\" \/>\n<meta property=\"og:locale\" content=\"de_DE\" \/>\n<meta property=\"og:type\" content=\"article\" \/>\n<meta property=\"og:title\" content=\"Grundschule zu Besuch bei der Feuerwehr - Freiwillige Feuerwehr Oberriexingen\" \/>\n<meta property=\"og:description\" content=\"Am 29.01. war die Grundschule Oberriexingen mit den 2 4.-Klassen bei der Feuerwehr zu Besuch im Feuerwehrger\u00e4tehaus. Nach der Begr\u00fc\u00dfung wurde direkt ein realistisches Notrufgespr\u00e4ch gef\u00fchrt und den Sch\u00fclern der Ablauf einer Alarmierung bis zum Abr\u00fccken der Fahrzeuge erkl\u00e4rt und &hellip; Grundschule zu Besuch bei der Feuerwehr Weiterlesen &raquo;\" \/>\n<meta property=\"og:url\" content=\"https:\/\/feuerwehr-oberriexingen.de\/content\/2026\/02\/grundschule-zu-besuch-bei-der-feuerwehr\/\" \/>\n<meta property=\"og:site_name\" content=\"Freiwillige Feuerwehr Oberriexingen\" \/>\n<meta property=\"article:publisher\" content=\"https:\/\/www.facebook.com\/ffwoberriexingen\/\" \/>\n<meta property=\"article:published_time\" content=\"2026-02-02T15:15:59+00:00\" \/>\n<meta property=\"article:modified_time\" content=\"2026-02-02T15:16:00+00:00\" \/>\n<meta property=\"og:image\" content=\"https:\/\/feuerwehr-oberriexingen.de\/content\/wp-content\/uploads\/2026\/02\/9a55e62e-842f-4e92-afeb-2acbc3d9cf69-2.jpg\" \/>\n\t<meta property=\"og:image:width\" content=\"1500\" \/>\n\t<meta property=\"og:image:height\" content=\"2000\" \/>\n<meta name=\"twitter:label1\" content=\"Verfasst von\" \/>\n\t<meta name=\"twitter:data1\" content=\"MH\" \/>\n\t<meta name=\"twitter:label2\" content=\"Gesch\u00e4tzte Lesezeit\" \/>\n\t<meta name=\"twitter:data2\" content=\"2\u00a0Minuten\" \/>\n<script type=\"application\/ld+json\" class=\"yoast-schema-graph\">{\"@context\":\"https:\/\/schema.org\",\"@graph\":[{\"@type\":\"WebSite\",\"@id\":\"https:\/\/feuerwehr-oberriexingen.de\/content\/#website\",\"url\":\"https:\/\/feuerwehr-oberriexingen.de\/content\/\",\"name\":\"Freiwillige Feuerwehr Oberriexingen\",\"description\":\"24h f\\u00fcr Sie im Einsatz\",\"potentialAction\":[{\"@type\":\"SearchAction\",\"target\":{\"@type\":\"EntryPoint\",\"urlTemplate\":\"https:\/\/feuerwehr-oberriexingen.de\/content\/?s={search_term_string}\"},\"query-input\":\"required name=search_term_string\"}],\"inLanguage\":\"de\"},{\"@type\":\"ImageObject\",\"@id\":\"https:\/\/feuerwehr-oberriexingen.de\/content\/2026\/02\/grundschule-zu-besuch-bei-der-feuerwehr\/#primaryimage\",\"inLanguage\":\"de\",\"url\":\"https:\/\/feuerwehr-oberriexingen.de\/content\/wp-content\/uploads\/2026\/02\/9a55e62e-842f-4e92-afeb-2acbc3d9cf69-2.jpg\",\"contentUrl\":\"https:\/\/feuerwehr-oberriexingen.de\/content\/wp-content\/uploads\/2026\/02\/9a55e62e-842f-4e92-afeb-2acbc3d9cf69-2.jpg\",\"width\":1500,\"height\":2000},{\"@type\":\"WebPage\",\"@id\":\"https:\/\/feuerwehr-oberriexingen.de\/content\/2026\/02\/grundschule-zu-besuch-bei-der-feuerwehr\/#webpage\",\"url\":\"https:\/\/feuerwehr-oberriexingen.de\/content\/2026\/02\/grundschule-zu-besuch-bei-der-feuerwehr\/\",\"name\":\"Grundschule zu Besuch bei der Feuerwehr - Freiwillige Feuerwehr Oberriexingen\",\"isPartOf\":{\"@id\":\"https:\/\/feuerwehr-oberriexingen.de\/content\/#website\"},\"primaryImageOfPage\":{\"@id\":\"https:\/\/feuerwehr-oberriexingen.de\/content\/2026\/02\/grundschule-zu-besuch-bei-der-feuerwehr\/#primaryimage\"},\"datePublished\":\"2026-02-02T15:15:59+00:00\",\"dateModified\":\"2026-02-02T15:16:00+00:00\",\"author\":{\"@id\":\"https:\/\/feuerwehr-oberriexingen.de\/content\/#\/schema\/person\/ad21a44fbe5262de07b0e3baaa0c954e\"},\"breadcrumb\":{\"@id\":\"https:\/\/feuerwehr-oberriexingen.de\/content\/2026\/02\/grundschule-zu-besuch-bei-der-feuerwehr\/#breadcrumb\"},\"inLanguage\":\"de\",\"potentialAction\":[{\"@type\":\"ReadAction\",\"target\":[\"https:\/\/feuerwehr-oberriexingen.de\/content\/2026\/02\/grundschule-zu-besuch-bei-der-feuerwehr\/\"]}]},{\"@type\":\"BreadcrumbList\",\"@id\":\"https:\/\/feuerwehr-oberriexingen.de\/content\/2026\/02\/grundschule-zu-besuch-bei-der-feuerwehr\/#breadcrumb\",\"itemListElement\":[{\"@type\":\"ListItem\",\"position\":1,\"name\":\"Home\",\"item\":\"https:\/\/feuerwehr-oberriexingen.de\/content\/\"},{\"@type\":\"ListItem\",\"position\":2,\"name\":\"Grundschule zu Besuch bei der Feuerwehr\"}]},{\"@type\":\"Person\",\"@id\":\"https:\/\/feuerwehr-oberriexingen.de\/content\/#\/schema\/person\/ad21a44fbe5262de07b0e3baaa0c954e\",\"name\":\"MH\",\"image\":{\"@type\":\"ImageObject\",\"@id\":\"https:\/\/feuerwehr-oberriexingen.de\/content\/#personlogo\",\"inLanguage\":\"de\",\"url\":\"https:\/\/secure.gravatar.com\/avatar\/49dedc09485d9f11632616657d857888?s=96&d=mm&r=g\",\"contentUrl\":\"https:\/\/secure.gravatar.com\/avatar\/49dedc09485d9f11632616657d857888?s=96&d=mm&r=g\",\"caption\":\"MH\"},\"sameAs\":[\"http:\/\/www.feuerwehr-oberriexingen.de\"],\"url\":\"https:\/\/feuerwehr-oberriexingen.de\/content\/author\/mhueber\/\"}]}<\/script>\n<!-- \/ Yoast SEO plugin. -->","yoast_head_json":{"title":"Grundschule zu Besuch bei der Feuerwehr - Freiwillige Feuerwehr Oberriexingen","robots":{"index":"index","follow":"follow","max-snippet":"max-snippet:-1","max-image-preview":"max-image-preview:large","max-video-preview":"max-video-preview:-1"},"canonical":"https:\/\/feuerwehr-oberriexingen.de\/content\/2026\/02\/grundschule-zu-besuch-bei-der-feuerwehr\/","og_locale":"de_DE","og_type":"article","og_title":"Grundschule zu Besuch bei der Feuerwehr - Freiwillige Feuerwehr Oberriexingen","og_description":"Am 29.01. war die Grundschule Oberriexingen mit den 2 4.-Klassen bei der Feuerwehr zu Besuch im Feuerwehrger\u00e4tehaus. Nach der Begr\u00fc\u00dfung wurde direkt ein realistisches Notrufgespr\u00e4ch gef\u00fchrt und den Sch\u00fclern der Ablauf einer Alarmierung bis zum Abr\u00fccken der Fahrzeuge erkl\u00e4rt und &hellip; Grundschule zu Besuch bei der Feuerwehr Weiterlesen &raquo;","og_url":"https:\/\/feuerwehr-oberriexingen.de\/content\/2026\/02\/grundschule-zu-besuch-bei-der-feuerwehr\/","og_site_name":"Freiwillige Feuerwehr Oberriexingen","article_publisher":"https:\/\/www.facebook.com\/ffwoberriexingen\/","article_published_time":"2026-02-02T15:15:59+00:00","article_modified_time":"2026-02-02T15:16:00+00:00","og_image":[{"width":1500,"height":2000,"url":"https:\/\/feuerwehr-oberriexingen.de\/content\/wp-content\/uploads\/2026\/02\/9a55e62e-842f-4e92-afeb-2acbc3d9cf69-2.jpg","type":"image\/jpeg"}],"twitter_misc":{"Verfasst von":"MH","Gesch\u00e4tzte Lesezeit":"2\u00a0Minuten"},"schema":{"@context":"https:\/\/schema.org","@graph":[{"@type":"WebSite","@id":"https:\/\/feuerwehr-oberriexingen.de\/content\/#website","url":"https:\/\/feuerwehr-oberriexingen.de\/content\/","name":"Freiwillige Feuerwehr Oberriexingen","description":"24h f\u00fcr Sie im Einsatz","potentialAction":[{"@type":"SearchAction","target":{"@type":"EntryPoint","urlTemplate":"https:\/\/feuerwehr-oberriexingen.de\/content\/?s={search_term_string}"},"query-input":"required name=search_term_string"}],"inLanguage":"de"},{"@type":"ImageObject","@id":"https:\/\/feuerwehr-oberriexingen.de\/content\/2026\/02\/grundschule-zu-besuch-bei-der-feuerwehr\/#primaryimage","inLanguage":"de","url":"https:\/\/feuerwehr-oberriexingen.de\/content\/wp-content\/uploads\/2026\/02\/9a55e62e-842f-4e92-afeb-2acbc3d9cf69-2.jpg","contentUrl":"https:\/\/feuerwehr-oberriexingen.de\/content\/wp-content\/uploads\/2026\/02\/9a55e62e-842f-4e92-afeb-2acbc3d9cf69-2.jpg","width":1500,"height":2000},{"@type":"WebPage","@id":"https:\/\/feuerwehr-oberriexingen.de\/content\/2026\/02\/grundschule-zu-besuch-bei-der-feuerwehr\/#webpage","url":"https:\/\/feuerwehr-oberriexingen.de\/content\/2026\/02\/grundschule-zu-besuch-bei-der-feuerwehr\/","name":"Grundschule zu Besuch bei der Feuerwehr - Freiwillige Feuerwehr Oberriexingen","isPartOf":{"@id":"https:\/\/feuerwehr-oberriexingen.de\/content\/#website"},"primaryImageOfPage":{"@id":"https:\/\/feuerwehr-oberriexingen.de\/content\/2026\/02\/grundschule-zu-besuch-bei-der-feuerwehr\/#primaryimage"},"datePublished":"2026-02-02T15:15:59+00:00","dateModified":"2026-02-02T15:16:00+00:00","author":{"@id":"https:\/\/feuerwehr-oberriexingen.de\/content\/#\/schema\/person\/ad21a44fbe5262de07b0e3baaa0c954e"},"breadcrumb":{"@id":"https:\/\/feuerwehr-oberriexingen.de\/content\/2026\/02\/grundschule-zu-besuch-bei-der-feuerwehr\/#breadcrumb"},"inLanguage":"de","potentialAction":[{"@type":"ReadAction","target":["https:\/\/feuerwehr-oberriexingen.de\/content\/2026\/02\/grundschule-zu-besuch-bei-der-feuerwehr\/"]}]},{"@type":"BreadcrumbList","@id":"https:\/\/feuerwehr-oberriexingen.de\/content\/2026\/02\/grundschule-zu-besuch-bei-der-feuerwehr\/#breadcrumb","itemListElement":[{"@type":"ListItem","position":1,"name":"Home","item":"https:\/\/feuerwehr-oberriexingen.de\/content\/"},{"@type":"ListItem","position":2,"name":"Grundschule zu Besuch bei der Feuerwehr"}]},{"@type":"Person","@id":"https:\/\/feuerwehr-oberriexingen.de\/content\/#\/schema\/person\/ad21a44fbe5262de07b0e3baaa0c954e","name":"MH","image":{"@type":"ImageObject","@id":"https:\/\/feuerwehr-oberriexingen.de\/content\/#personlogo","inLanguage":"de","url":"https:\/\/secure.gravatar.com\/avatar\/49dedc09485d9f11632616657d857888?s=96&d=mm&r=g","contentUrl":"https:\/\/secure.gravatar.com\/avatar\/49dedc09485d9f11632616657d857888?s=96&d=mm&r=g","caption":"MH"},"sameAs":["http:\/\/www.feuerwehr-oberriexingen.de"],"url":"https:\/\/feuerwehr-oberriexingen.de\/content\/author\/mhueber\/"}]}},"_links":{"self":[{"href":"https:\/\/feuerwehr-oberriexingen.de\/content\/wp-json\/wp\/v2\/posts\/3001"}],"collection":[{"href":"https:\/\/feuerwehr-oberriexingen.de\/content\/wp-json\/wp\/v2\/posts"}],"about":[{"href":"https:\/\/feuerwehr-oberriexingen.de\/content\/wp-json\/wp\/v2\/types\/post"}],"author":[{"embeddable":true,"href":"https:\/\/feuerwehr-oberriexingen.de\/content\/wp-json\/wp\/v2\/users\/2"}],"replies":[{"embeddable":true,"href":"https:\/\/feuerwehr-oberriexingen.de\/content\/wp-json\/wp\/v2\/comments?post=3001"}],"version-history":[{"count":1,"href":"https:\/\/feuerwehr-oberriexingen.de\/content\/wp-json\/wp\/v2\/posts\/3001\/revisions"}],"predecessor-version":[{"id":3004,"href":"https:\/\/feuerwehr-oberriexingen.de\/content\/wp-json\/wp\/v2\/posts\/3001\/revisions\/3004"}],"wp:featuredmedia":[{"embeddable":true,"href":"https:\/\/feuerwehr-oberriexingen.de\/content\/wp-json\/wp\/v2\/media\/3002"}],"wp:attachment":[{"href":"https:\/\/feuerwehr-oberriexingen.de\/content\/wp-json\/wp\/v2\/media?parent=3001"}],"wp:term":[{"taxonomy":"category","embeddable":true,"href":"https:\/\/feuerwehr-oberriexingen.de\/content\/wp-json\/wp\/v2\/categories?post=3001"},{"taxonomy":"post_tag","embeddable":true,"href":"https:\/\/feuerwehr-oberriexingen.de\/content\/wp-json\/wp\/v2\/tags?post=3001"}],"curies":[{"name":"wp","href":"https:\/\/api.w.org\/{rel}","templated":true}]}}