{"id":2973,"date":"2025-12-08T20:11:57","date_gmt":"2025-12-08T19:11:57","guid":{"rendered":"https:\/\/feuerwehr-oberriexingen.de\/content\/?p=2973"},"modified":"2025-12-08T20:17:17","modified_gmt":"2025-12-08T19:17:17","slug":"nikolaustag-2025","status":"publish","type":"post","link":"https:\/\/feuerwehr-oberriexingen.de\/content\/2025\/12\/nikolaustag-2025\/","title":{"rendered":"Nikolaustag 2025"},"content":{"rendered":"\n<p data-start=\"216\" data-end=\"655\">Am 6. Dezember fand der diesj\u00e4hrige Nikolaustag der Freiwilligen Feuerwehr Oberriexingen in der Villa Florian statt. Auch in diesem Jahr kamen alle Generationen der Feuerwehrangeh\u00f6rigen und ihre Familien zusammen \u2013 von den j\u00fcngsten Mitgliedern der Feuerwehr Kids \u00fcber die Aktiven bis hin zur Altersabteilung. Der Abend bot eine wunderbare Gelegenheit, gemeinsam eine gem\u00fctliche und stimmungsvolle Zeit in der Adventszeit zu verbringen.<\/p>\n<p data-start=\"657\" data-end=\"936\">Wie schon im vergangenen Jahr standen die Kinder im Mittelpunkt der Veranstaltung. Als besondere Aufmerksamkeit erhielten die Feuerwehr Kids in diesem Jahr ein personalisiertes Vesperbrettchen, das bei den Kindern hervorragend ankam und f\u00fcr viele strahlende Gesichter sorgte.<\/p>\n<p data-start=\"657\" data-end=\"936\"><img decoding=\"async\" loading=\"lazy\" class=\"alignnone size-full wp-image-2976\" src=\"https:\/\/feuerwehr-oberriexingen.de\/content\/wp-content\/uploads\/2025\/12\/316f5a9b-62c7-4f22-b2eb-300a0db9cd56.jpg\" alt=\"\" width=\"2048\" height=\"1536\" srcset=\"https:\/\/feuerwehr-oberriexingen.de\/content\/wp-content\/uploads\/2025\/12\/316f5a9b-62c7-4f22-b2eb-300a0db9cd56.jpg 2048w, https:\/\/feuerwehr-oberriexingen.de\/content\/wp-content\/uploads\/2025\/12\/316f5a9b-62c7-4f22-b2eb-300a0db9cd56-300x225.jpg 300w, https:\/\/feuerwehr-oberriexingen.de\/content\/wp-content\/uploads\/2025\/12\/316f5a9b-62c7-4f22-b2eb-300a0db9cd56-768x576.jpg 768w, https:\/\/feuerwehr-oberriexingen.de\/content\/wp-content\/uploads\/2025\/12\/316f5a9b-62c7-4f22-b2eb-300a0db9cd56-1536x1152.jpg 1536w, https:\/\/feuerwehr-oberriexingen.de\/content\/wp-content\/uploads\/2025\/12\/316f5a9b-62c7-4f22-b2eb-300a0db9cd56-100x75.jpg 100w, https:\/\/feuerwehr-oberriexingen.de\/content\/wp-content\/uploads\/2025\/12\/316f5a9b-62c7-4f22-b2eb-300a0db9cd56-150x113.jpg 150w, https:\/\/feuerwehr-oberriexingen.de\/content\/wp-content\/uploads\/2025\/12\/316f5a9b-62c7-4f22-b2eb-300a0db9cd56-200x150.jpg 200w, https:\/\/feuerwehr-oberriexingen.de\/content\/wp-content\/uploads\/2025\/12\/316f5a9b-62c7-4f22-b2eb-300a0db9cd56-450x338.jpg 450w, https:\/\/feuerwehr-oberriexingen.de\/content\/wp-content\/uploads\/2025\/12\/316f5a9b-62c7-4f22-b2eb-300a0db9cd56-600x450.jpg 600w, https:\/\/feuerwehr-oberriexingen.de\/content\/wp-content\/uploads\/2025\/12\/316f5a9b-62c7-4f22-b2eb-300a0db9cd56-900x675.jpg 900w\" sizes=\"(max-width: 2048px) 100vw, 2048px\" \/><\/p>\n<p data-start=\"938\" data-end=\"1291\">F\u00fcr das leibliche Wohl war bestens gesorgt: In und um die Villa Florian herrschte eine warme, einladende Atmosph\u00e4re, in der sich die G\u00e4ste bei Essen, Getr\u00e4nken und vielen guten Gespr\u00e4chen wohlf\u00fchlten. Die Mischung aus adventlichem Beisammensein und Feuerwehrgemeinschaft machte die Veranstaltung erneut zu einem sch\u00f6nen Auftakt in die Vorweihnachtszeit.<\/p>\n<p data-start=\"938\" data-end=\"1291\"><img decoding=\"async\" loading=\"lazy\" class=\"alignnone size-full wp-image-2977\" src=\"https:\/\/feuerwehr-oberriexingen.de\/content\/wp-content\/uploads\/2025\/12\/IMG_2320-scaled.jpeg\" alt=\"\" width=\"2560\" height=\"1920\" srcset=\"https:\/\/feuerwehr-oberriexingen.de\/content\/wp-content\/uploads\/2025\/12\/IMG_2320-scaled.jpeg 2560w, https:\/\/feuerwehr-oberriexingen.de\/content\/wp-content\/uploads\/2025\/12\/IMG_2320-300x225.jpeg 300w, https:\/\/feuerwehr-oberriexingen.de\/content\/wp-content\/uploads\/2025\/12\/IMG_2320-768x576.jpeg 768w, https:\/\/feuerwehr-oberriexingen.de\/content\/wp-content\/uploads\/2025\/12\/IMG_2320-1536x1152.jpeg 1536w, https:\/\/feuerwehr-oberriexingen.de\/content\/wp-content\/uploads\/2025\/12\/IMG_2320-2048x1536.jpeg 2048w, https:\/\/feuerwehr-oberriexingen.de\/content\/wp-content\/uploads\/2025\/12\/IMG_2320-100x75.jpeg 100w, https:\/\/feuerwehr-oberriexingen.de\/content\/wp-content\/uploads\/2025\/12\/IMG_2320-150x113.jpeg 150w, https:\/\/feuerwehr-oberriexingen.de\/content\/wp-content\/uploads\/2025\/12\/IMG_2320-200x150.jpeg 200w, https:\/\/feuerwehr-oberriexingen.de\/content\/wp-content\/uploads\/2025\/12\/IMG_2320-450x338.jpeg 450w, https:\/\/feuerwehr-oberriexingen.de\/content\/wp-content\/uploads\/2025\/12\/IMG_2320-600x450.jpeg 600w, https:\/\/feuerwehr-oberriexingen.de\/content\/wp-content\/uploads\/2025\/12\/IMG_2320-900x675.jpeg 900w\" sizes=\"(max-width: 2560px) 100vw, 2560px\" \/><\/p>\n<p data-start=\"1293\" data-end=\"1585\">Ein besonders herzlicher Dank gilt Melanie und Lars Seem\u00fcller, \u00a0f\u00fcr die Organisation der Veranstaltung. Sowie allen weiteren Beteiligten, die mit ihrer Unterst\u00fctzung und Mithilfe diesen Nikolaustag m\u00f6glich gemacht haben.<\/p>\n","protected":false},"excerpt":{"rendered":"<p>Am 6. Dezember fand der diesj\u00e4hrige Nikolaustag der Freiwilligen Feuerwehr Oberriexingen in der Villa Florian statt. Auch in diesem Jahr kamen alle Generationen der Feuerwehrangeh\u00f6rigen und ihre Familien zusammen \u2013 von den j\u00fcngsten Mitgliedern der Feuerwehr Kids \u00fcber die Aktiven &hellip;<\/p>\n<p class=\"read-more\"> <a class=\"more-link\" href=\"https:\/\/feuerwehr-oberriexingen.de\/content\/2025\/12\/nikolaustag-2025\/\"> <span class=\"screen-reader-text\">Nikolaustag 2025<\/span> Weiterlesen &raquo;<\/a><\/p>\n","protected":false},"author":2,"featured_media":2976,"comment_status":"closed","ping_status":"closed","sticky":false,"template":"","format":"standard","meta":{"_cbd_carousel_blocks":"[]"},"categories":[16],"tags":[],"yoast_head":"<!-- This site is optimized with the Yoast SEO plugin v17.8 - https:\/\/yoast.com\/wordpress\/plugins\/seo\/ -->\n<title>Nikolaustag 2025 - Freiwillige Feuerwehr Oberriexingen<\/title>\n<meta name=\"robots\" content=\"index, follow, max-snippet:-1, max-image-preview:large, max-video-preview:-1\" \/>\n<link rel=\"canonical\" href=\"https:\/\/feuerwehr-oberriexingen.de\/content\/2025\/12\/nikolaustag-2025\/\" \/>\n<meta property=\"og:locale\" content=\"de_DE\" \/>\n<meta property=\"og:type\" content=\"article\" \/>\n<meta property=\"og:title\" content=\"Nikolaustag 2025 - Freiwillige Feuerwehr Oberriexingen\" \/>\n<meta property=\"og:description\" content=\"Am 6. Dezember fand der diesj\u00e4hrige Nikolaustag der Freiwilligen Feuerwehr Oberriexingen in der Villa Florian statt. Auch in diesem Jahr kamen alle Generationen der Feuerwehrangeh\u00f6rigen und ihre Familien zusammen \u2013 von den j\u00fcngsten Mitgliedern der Feuerwehr Kids \u00fcber die Aktiven &hellip; Nikolaustag 2025 Weiterlesen &raquo;\" \/>\n<meta property=\"og:url\" content=\"https:\/\/feuerwehr-oberriexingen.de\/content\/2025\/12\/nikolaustag-2025\/\" \/>\n<meta property=\"og:site_name\" content=\"Freiwillige Feuerwehr Oberriexingen\" \/>\n<meta property=\"article:publisher\" content=\"https:\/\/www.facebook.com\/ffwoberriexingen\/\" \/>\n<meta property=\"article:published_time\" content=\"2025-12-08T19:11:57+00:00\" \/>\n<meta property=\"article:modified_time\" content=\"2025-12-08T19:17:17+00:00\" \/>\n<meta property=\"og:image\" content=\"https:\/\/feuerwehr-oberriexingen.de\/content\/wp-content\/uploads\/2025\/12\/316f5a9b-62c7-4f22-b2eb-300a0db9cd56.jpg\" \/>\n\t<meta property=\"og:image:width\" content=\"2048\" \/>\n\t<meta property=\"og:image:height\" content=\"1536\" \/>\n<meta name=\"twitter:label1\" content=\"Verfasst von\" \/>\n\t<meta name=\"twitter:data1\" content=\"MH\" \/>\n\t<meta name=\"twitter:label2\" content=\"Gesch\u00e4tzte Lesezeit\" \/>\n\t<meta name=\"twitter:data2\" content=\"2\u00a0Minuten\" \/>\n<script type=\"application\/ld+json\" class=\"yoast-schema-graph\">{\"@context\":\"https:\/\/schema.org\",\"@graph\":[{\"@type\":\"WebSite\",\"@id\":\"https:\/\/feuerwehr-oberriexingen.de\/content\/#website\",\"url\":\"https:\/\/feuerwehr-oberriexingen.de\/content\/\",\"name\":\"Freiwillige Feuerwehr Oberriexingen\",\"description\":\"24h f\\u00fcr Sie im Einsatz\",\"potentialAction\":[{\"@type\":\"SearchAction\",\"target\":{\"@type\":\"EntryPoint\",\"urlTemplate\":\"https:\/\/feuerwehr-oberriexingen.de\/content\/?s={search_term_string}\"},\"query-input\":\"required name=search_term_string\"}],\"inLanguage\":\"de\"},{\"@type\":\"ImageObject\",\"@id\":\"https:\/\/feuerwehr-oberriexingen.de\/content\/2025\/12\/nikolaustag-2025\/#primaryimage\",\"inLanguage\":\"de\",\"url\":\"https:\/\/feuerwehr-oberriexingen.de\/content\/wp-content\/uploads\/2025\/12\/316f5a9b-62c7-4f22-b2eb-300a0db9cd56.jpg\",\"contentUrl\":\"https:\/\/feuerwehr-oberriexingen.de\/content\/wp-content\/uploads\/2025\/12\/316f5a9b-62c7-4f22-b2eb-300a0db9cd56.jpg\",\"width\":2048,\"height\":1536},{\"@type\":\"WebPage\",\"@id\":\"https:\/\/feuerwehr-oberriexingen.de\/content\/2025\/12\/nikolaustag-2025\/#webpage\",\"url\":\"https:\/\/feuerwehr-oberriexingen.de\/content\/2025\/12\/nikolaustag-2025\/\",\"name\":\"Nikolaustag 2025 - Freiwillige Feuerwehr Oberriexingen\",\"isPartOf\":{\"@id\":\"https:\/\/feuerwehr-oberriexingen.de\/content\/#website\"},\"primaryImageOfPage\":{\"@id\":\"https:\/\/feuerwehr-oberriexingen.de\/content\/2025\/12\/nikolaustag-2025\/#primaryimage\"},\"datePublished\":\"2025-12-08T19:11:57+00:00\",\"dateModified\":\"2025-12-08T19:17:17+00:00\",\"author\":{\"@id\":\"https:\/\/feuerwehr-oberriexingen.de\/content\/#\/schema\/person\/ad21a44fbe5262de07b0e3baaa0c954e\"},\"breadcrumb\":{\"@id\":\"https:\/\/feuerwehr-oberriexingen.de\/content\/2025\/12\/nikolaustag-2025\/#breadcrumb\"},\"inLanguage\":\"de\",\"potentialAction\":[{\"@type\":\"ReadAction\",\"target\":[\"https:\/\/feuerwehr-oberriexingen.de\/content\/2025\/12\/nikolaustag-2025\/\"]}]},{\"@type\":\"BreadcrumbList\",\"@id\":\"https:\/\/feuerwehr-oberriexingen.de\/content\/2025\/12\/nikolaustag-2025\/#breadcrumb\",\"itemListElement\":[{\"@type\":\"ListItem\",\"position\":1,\"name\":\"Home\",\"item\":\"https:\/\/feuerwehr-oberriexingen.de\/content\/\"},{\"@type\":\"ListItem\",\"position\":2,\"name\":\"Nikolaustag 2025\"}]},{\"@type\":\"Person\",\"@id\":\"https:\/\/feuerwehr-oberriexingen.de\/content\/#\/schema\/person\/ad21a44fbe5262de07b0e3baaa0c954e\",\"name\":\"MH\",\"image\":{\"@type\":\"ImageObject\",\"@id\":\"https:\/\/feuerwehr-oberriexingen.de\/content\/#personlogo\",\"inLanguage\":\"de\",\"url\":\"https:\/\/secure.gravatar.com\/avatar\/49dedc09485d9f11632616657d857888?s=96&d=mm&r=g\",\"contentUrl\":\"https:\/\/secure.gravatar.com\/avatar\/49dedc09485d9f11632616657d857888?s=96&d=mm&r=g\",\"caption\":\"MH\"},\"sameAs\":[\"http:\/\/www.feuerwehr-oberriexingen.de\"],\"url\":\"https:\/\/feuerwehr-oberriexingen.de\/content\/author\/mhueber\/\"}]}<\/script>\n<!-- \/ Yoast SEO plugin. -->","yoast_head_json":{"title":"Nikolaustag 2025 - Freiwillige Feuerwehr Oberriexingen","robots":{"index":"index","follow":"follow","max-snippet":"max-snippet:-1","max-image-preview":"max-image-preview:large","max-video-preview":"max-video-preview:-1"},"canonical":"https:\/\/feuerwehr-oberriexingen.de\/content\/2025\/12\/nikolaustag-2025\/","og_locale":"de_DE","og_type":"article","og_title":"Nikolaustag 2025 - Freiwillige Feuerwehr Oberriexingen","og_description":"Am 6. Dezember fand der diesj\u00e4hrige Nikolaustag der Freiwilligen Feuerwehr Oberriexingen in der Villa Florian statt. Auch in diesem Jahr kamen alle Generationen der Feuerwehrangeh\u00f6rigen und ihre Familien zusammen \u2013 von den j\u00fcngsten Mitgliedern der Feuerwehr Kids \u00fcber die Aktiven &hellip; Nikolaustag 2025 Weiterlesen &raquo;","og_url":"https:\/\/feuerwehr-oberriexingen.de\/content\/2025\/12\/nikolaustag-2025\/","og_site_name":"Freiwillige Feuerwehr Oberriexingen","article_publisher":"https:\/\/www.facebook.com\/ffwoberriexingen\/","article_published_time":"2025-12-08T19:11:57+00:00","article_modified_time":"2025-12-08T19:17:17+00:00","og_image":[{"width":2048,"height":1536,"url":"https:\/\/feuerwehr-oberriexingen.de\/content\/wp-content\/uploads\/2025\/12\/316f5a9b-62c7-4f22-b2eb-300a0db9cd56.jpg","type":"image\/jpeg"}],"twitter_misc":{"Verfasst von":"MH","Gesch\u00e4tzte Lesezeit":"2\u00a0Minuten"},"schema":{"@context":"https:\/\/schema.org","@graph":[{"@type":"WebSite","@id":"https:\/\/feuerwehr-oberriexingen.de\/content\/#website","url":"https:\/\/feuerwehr-oberriexingen.de\/content\/","name":"Freiwillige Feuerwehr Oberriexingen","description":"24h f\u00fcr Sie im Einsatz","potentialAction":[{"@type":"SearchAction","target":{"@type":"EntryPoint","urlTemplate":"https:\/\/feuerwehr-oberriexingen.de\/content\/?s={search_term_string}"},"query-input":"required name=search_term_string"}],"inLanguage":"de"},{"@type":"ImageObject","@id":"https:\/\/feuerwehr-oberriexingen.de\/content\/2025\/12\/nikolaustag-2025\/#primaryimage","inLanguage":"de","url":"https:\/\/feuerwehr-oberriexingen.de\/content\/wp-content\/uploads\/2025\/12\/316f5a9b-62c7-4f22-b2eb-300a0db9cd56.jpg","contentUrl":"https:\/\/feuerwehr-oberriexingen.de\/content\/wp-content\/uploads\/2025\/12\/316f5a9b-62c7-4f22-b2eb-300a0db9cd56.jpg","width":2048,"height":1536},{"@type":"WebPage","@id":"https:\/\/feuerwehr-oberriexingen.de\/content\/2025\/12\/nikolaustag-2025\/#webpage","url":"https:\/\/feuerwehr-oberriexingen.de\/content\/2025\/12\/nikolaustag-2025\/","name":"Nikolaustag 2025 - Freiwillige Feuerwehr Oberriexingen","isPartOf":{"@id":"https:\/\/feuerwehr-oberriexingen.de\/content\/#website"},"primaryImageOfPage":{"@id":"https:\/\/feuerwehr-oberriexingen.de\/content\/2025\/12\/nikolaustag-2025\/#primaryimage"},"datePublished":"2025-12-08T19:11:57+00:00","dateModified":"2025-12-08T19:17:17+00:00","author":{"@id":"https:\/\/feuerwehr-oberriexingen.de\/content\/#\/schema\/person\/ad21a44fbe5262de07b0e3baaa0c954e"},"breadcrumb":{"@id":"https:\/\/feuerwehr-oberriexingen.de\/content\/2025\/12\/nikolaustag-2025\/#breadcrumb"},"inLanguage":"de","potentialAction":[{"@type":"ReadAction","target":["https:\/\/feuerwehr-oberriexingen.de\/content\/2025\/12\/nikolaustag-2025\/"]}]},{"@type":"BreadcrumbList","@id":"https:\/\/feuerwehr-oberriexingen.de\/content\/2025\/12\/nikolaustag-2025\/#breadcrumb","itemListElement":[{"@type":"ListItem","position":1,"name":"Home","item":"https:\/\/feuerwehr-oberriexingen.de\/content\/"},{"@type":"ListItem","position":2,"name":"Nikolaustag 2025"}]},{"@type":"Person","@id":"https:\/\/feuerwehr-oberriexingen.de\/content\/#\/schema\/person\/ad21a44fbe5262de07b0e3baaa0c954e","name":"MH","image":{"@type":"ImageObject","@id":"https:\/\/feuerwehr-oberriexingen.de\/content\/#personlogo","inLanguage":"de","url":"https:\/\/secure.gravatar.com\/avatar\/49dedc09485d9f11632616657d857888?s=96&d=mm&r=g","contentUrl":"https:\/\/secure.gravatar.com\/avatar\/49dedc09485d9f11632616657d857888?s=96&d=mm&r=g","caption":"MH"},"sameAs":["http:\/\/www.feuerwehr-oberriexingen.de"],"url":"https:\/\/feuerwehr-oberriexingen.de\/content\/author\/mhueber\/"}]}},"_links":{"self":[{"href":"https:\/\/feuerwehr-oberriexingen.de\/content\/wp-json\/wp\/v2\/posts\/2973"}],"collection":[{"href":"https:\/\/feuerwehr-oberriexingen.de\/content\/wp-json\/wp\/v2\/posts"}],"about":[{"href":"https:\/\/feuerwehr-oberriexingen.de\/content\/wp-json\/wp\/v2\/types\/post"}],"author":[{"embeddable":true,"href":"https:\/\/feuerwehr-oberriexingen.de\/content\/wp-json\/wp\/v2\/users\/2"}],"replies":[{"embeddable":true,"href":"https:\/\/feuerwehr-oberriexingen.de\/content\/wp-json\/wp\/v2\/comments?post=2973"}],"version-history":[{"count":2,"href":"https:\/\/feuerwehr-oberriexingen.de\/content\/wp-json\/wp\/v2\/posts\/2973\/revisions"}],"predecessor-version":[{"id":2978,"href":"https:\/\/feuerwehr-oberriexingen.de\/content\/wp-json\/wp\/v2\/posts\/2973\/revisions\/2978"}],"wp:featuredmedia":[{"embeddable":true,"href":"https:\/\/feuerwehr-oberriexingen.de\/content\/wp-json\/wp\/v2\/media\/2976"}],"wp:attachment":[{"href":"https:\/\/feuerwehr-oberriexingen.de\/content\/wp-json\/wp\/v2\/media?parent=2973"}],"wp:term":[{"taxonomy":"category","embeddable":true,"href":"https:\/\/feuerwehr-oberriexingen.de\/content\/wp-json\/wp\/v2\/categories?post=2973"},{"taxonomy":"post_tag","embeddable":true,"href":"https:\/\/feuerwehr-oberriexingen.de\/content\/wp-json\/wp\/v2\/tags?post=2973"}],"curies":[{"name":"wp","href":"https:\/\/api.w.org\/{rel}","templated":true}]}}